{"id":102007,"date":"2019-10-02T10:12:49","date_gmt":"2019-10-02T15:12:49","guid":{"rendered":"http:\/\/visionpeninsular.com\/mid\/?p=102007"},"modified":"2019-10-02T10:13:01","modified_gmt":"2019-10-02T15:13:01","slug":"gobierno-del-estado-estrecha-relacion-con-la-federacion-para-atender-temas-ambientales","status":"publish","type":"post","link":"https:\/\/visionpeninsular.com\/mid\/gobierno-del-estado-estrecha-relacion-con-la-federacion-para-atender-temas-ambientales\/","title":{"rendered":"Gobierno del Estado estrecha relaci\u00f3n con la Federaci\u00f3n para atender temas ambientales"},"content":{"rendered":"\n<p>&nbsp;<em>-El Gobernador Mauricio Vila Dosal se reuni\u00f3 con el titular de la\nSecretar\u00eda de Medio Ambiente y Recursos Naturales (Semarnat), V\u00edctor Manuel\nToledo Manzur, con quien abord\u00f3 temas prioritarios dentro de la agenda\nambiental que de manera conjunta desarrollan en Yucat\u00e1n.<\/em><\/p>\n\n\n\n<p><em>&#8211; Como parte de su\nagenda de trabajo, el Gobernador tambi\u00e9n sostuvo un encuentro con la sub secretaria\nde Egresos de la Secretar\u00eda de Hacienda y Cr\u00e9dito P\u00fablico (SHCP), Victoria\nRodr\u00edguez Ceja y con el General de Grupo Piloto Aviador, Rom\u00e1n Carmona Landa,\njefe del Centro de Mando y Control del Sistema Integral de Vigilancia A\u00e9rea\n(SIVA)<\/em><\/p>\n\n\n\n<p>Ciudad de M\u00e9xico, 1 de octubre de 2019.- El Gobernador\nMauricio Vila Dosal se reuni\u00f3 este d\u00eda con el titular de la Secretar\u00eda de Medio\nAmbiente y Recursos Naturales (Semarnat) federal, V\u00edctor Manuel Toledo Manzur,\ncon quien abord\u00f3 temas prioritarios dentro de la agenda ambiental que de manera\nconjunta desarrollan en Yucat\u00e1n.<\/p>\n\n\n\n<p>Durante el encuentro, Vila Dosal y el funcionario federal\ntrataron lo relativo a los acuerdos para garantizar la implementaci\u00f3n de\nprocesos que permitan prevenir la contaminaci\u00f3n en el territorio estatal, todo\ncon el prop\u00f3sito de impulsar un desarrollo sustentable y el menor impacto\nposible al medio ambiente.<\/p>\n\n\n\n<p>Acompa\u00f1ados por la titular de la Secretar\u00eda de Desarrollo\nSustentable (SDS), Sayda Rodr\u00edguez G\u00f3mez y el subsecretario de Planeaci\u00f3n y\nPol\u00edtica Ambiental de la Semarnat, Arturo Argueta Villamar, el Gobernador y\nV\u00edctor Manuel Toledo acordaron las acciones a realizar en la zona costera del\nestado, en espec\u00edfico en el uso y aprovechamiento de los recursos de este\necosistema.<\/p>\n\n\n\n<p>Adem\u00e1s, dada la importancia de las acciones que el Gobierno\ndel Estado lleva a cabo en la zona costera de Yucat\u00e1n, Vila Dosal y Toledo\nManzur delinearon acciones para coordinar trabajos con direcciones de la\nsecretar\u00eda, tales como la Zona Federal Mar\u00edtimo Terrestre y Ambientes Costeros\n(Zofematac).<\/p>\n\n\n\n<p>De igual forma, Vila Dosal y el titular de la Semarnat\ncoincidieron en la necesidad de continuar desarrollando programas y acciones\norientados a la educaci\u00f3n ambiental, para dar el manejo adecuado de los residuos\ns\u00f3lidos, al igual que disminuir la contaminaci\u00f3n del medio ambiente, temas de\nalta relevancia en Yucat\u00e1n.<\/p>\n\n\n\n<p>En este sentido, el Gobernador y el funcionario federal\nhablaron sobre las acciones que se llevan a cabo en el estado, de manera\ncoordinada con la Secretar\u00eda de Educaci\u00f3n de Yucat\u00e1n (Segey) y la Secretar\u00eda de\nPesca y Acuacultura Sustentables (Sepasy), para capacitar y formar a profesores\nen materia ambiental.<\/p>\n\n\n\n<p>De igual manera, en la reuni\u00f3n, Vila Dosal y Toledo Manzur\nacordaron la posibilidad de desarrollar en Yucat\u00e1n uno de los Centros de\nEducaci\u00f3n y Cultura Ambiental (CECA), con los cuales se busca promover la\nmejora continua de los proyectos educativos no formales, as\u00ed como el desarrollo\nde procesos de aprendizaje colectivo que contribuyan en este \u00e1mbito a la\nprofesionalizaci\u00f3n de los educadores ambientales para fortalecer la educaci\u00f3n\nambiental.<\/p>\n\n\n\n<p>Como parte de su jornada, el Gobernador tambi\u00e9n sostuvo un\nencuentro con la subsecretaria de Egresos de la Secretar\u00eda de Hacienda y\nCr\u00e9dito P\u00fablico (SHCP), Victoria Rodr\u00edguez Ceja, ante quien plante\u00f3 la\nsolicitud de recursos extraordinarios para cubrir la n\u00f3mina de maestros y los\nconceptos que \u00e9sta incluye, toda vez que Yucat\u00e1n es el estado que destina mayor\nporcentaje de sus recursos al gasto educativo.<\/p>\n\n\n\n<p>De acuerdo con datos de la Secretar\u00eda de Educaci\u00f3n P\u00fablica\n(SEP), de los 13,696 millones de pesos que se destinan anualmente a la\neducaci\u00f3n, el estado aporta 7,562 millones de pesos, lo que representa el 55 %\ndel gasto que se ejerce en este sector. El monto restante es aportado por la\nFederaci\u00f3n.<\/p>\n\n\n\n<p>Hay que recordar que de 2015 a 2018 se recibieron anualmente\nun promedio de 2,800 millones de pesos de recursos extraordinarios para cubrir\nel pago a maestros, los cuales este a\u00f1o no se han recibido y, por ello, el\nGobernador y la titular de la SAF realizan las gestiones correspondientes.<\/p>\n\n\n\n<p>Como parte de sus actividades de este d\u00eda, Vila Dosal\ntambi\u00e9n se reuni\u00f3 con el General de Grupo Piloto Aviador, Rom\u00e1n Carmona Landa,\njefe del Centro de Mando y Control del Sistema Integral de Vigilancia A\u00e9rea\n(SIVA), para fortalecer las relaciones tendientes a continuar impulsando el\ncrecimiento y desarrollo de la industria aeron\u00e1utica y aeroespacial en Yucat\u00e1n.<\/p>\n\n\n\n<p>En el encuentro, Vila Dosal y el general Carmona Landa\ncoincidieron en que el estado cuenta con las condiciones para crear un cl\u00faster\nenfocado en estos sectores, por lo que destacaron las fortalezas log\u00edsticas de\neducaci\u00f3n y certeza jur\u00eddica que existen en el territorio yucateco, factores\nfundamentales para concretar inversiones y detonar el desarrollo de este ramo\nen el territorio yucateco.<\/p>\n\n\n\n<p>Durante la reuni\u00f3n en la que tambi\u00e9n particip\u00f3 Ernesto\nHerrera Novelo, secretario de Fomento Econ\u00f3mico y Trabajo (Sefoet), el\nGobernador acord\u00f3 trabajar de manera coordinada y con mutuo apoyo para\nfortalecer el esquema aeron\u00e1utico y aeroespacial en Yucat\u00e1n.<\/p>\n\n\n\n<p>Hay que recordar que hace unas semanas, el Gobernador\nMauricio Vila Dosal firm\u00f3 una carta de intenci\u00f3n con la empresa espa\u00f1ola Deimos\ngrupo Elecnor para realizar una inversi\u00f3n en materia aeroespacial y satelital\nen el estado de Yucat\u00e1n, por un monto aproximado de 130 millones de d\u00f3lares\npara, en su primera etapa, instalar un centro tecnol\u00f3gico en materia satelital\ny espacial, donde trabajar\u00e1n 200 ingenieros de manera directa y 600 personas de\nmanera indirecta, con la finalidad de construir sat\u00e9lites de comunicaci\u00f3n e\ninvestigaci\u00f3n.<\/p>\n\n\n\n<p>Tambi\u00e9n hay que resaltar que Yucat\u00e1n ya destaca en estas\nindustrias, pues cuenta con empresas dedicadas a la elaboraci\u00f3n de partes de\naviones como son PCC Airfoils, la cual trabaja para compa\u00f1\u00edas como IHI, GE,\nMTU, Safran Group, Samsung Aviation, Pratt&amp;Whitney, Bombardier, entre otros\ny otra compa\u00f1\u00eda es Metalsil, que colabora para Roll Royce y otras firmas.<\/p>\n\n\n\n<p>En este encuentro se resalt\u00f3 que se fortalece la relaci\u00f3n\nentre el Gobierno Estatal, Federal y las Fuerzas Armadas, lo que contribuye a\nconsolidar al estado en el sector aeron\u00e1utico y aeroespacial, lo cual se\ntraduce en m\u00e1s y mejores empleos para los yucatecos, una prioridad del\nGobernador Mauricio Vila Dosal.<\/p>\n\n\n\n<p>De igual forma, hay que mencionar que estos sectores, a\nnivel global, est\u00e1n registrando un importante crecimiento entre el 20% y 25%\nanual, sobre todo en lo relacionado a la elaboraci\u00f3n de partes de aviones y a\nla tecnolog\u00eda aplicable al dise\u00f1o aeron\u00e1utico y aeroespacial, trabajo que ya se\nrealiza en Yucat\u00e1n.<\/p>\n<div class='share-to-whatsapp-wrapper'><div class='share-on-whsp'>Share on: <\/div><a data-text='Gobierno del Estado estrecha relaci\u00f3n con la Federaci\u00f3n para atender temas ambientales' data-link='https:\/\/visionpeninsular.com\/mid\/gobierno-del-estado-estrecha-relacion-con-la-federacion-para-atender-temas-ambientales\/' class='whatsapp-button whatsapp-share'>WhatsApp<\/a><div class='clear '><\/div><\/div>","protected":false},"excerpt":{"rendered":"<p>&nbsp;-El Gobernador Mauricio Vila Dosal se reuni\u00f3 con el titular de la Secretar\u00eda de Medio Ambiente y Recursos Naturales (Semarnat), V\u00edctor Manuel Toledo Manzur, con quien abord\u00f3 temas prioritarios dentro de la agenda ambiental que de manera conjunta desarrollan en Yucat\u00e1n. &#8211; Como parte de su agenda de trabajo, el Gobernador tambi\u00e9n sostuvo un encuentro &hellip;<\/p>\n","protected":false},"author":5,"featured_media":102016,"comment_status":"open","ping_status":"open","sticky":false,"template":"","format":"standard","meta":{"_mi_skip_tracking":false},"categories":[49,37],"tags":[185,3861,475,379,2374],"_links":{"self":[{"href":"https:\/\/visionpeninsular.com\/mid\/wp-json\/wp\/v2\/posts\/102007"}],"collection":[{"href":"https:\/\/visionpeninsular.com\/mid\/wp-json\/wp\/v2\/posts"}],"about":[{"href":"https:\/\/visionpeninsular.com\/mid\/wp-json\/wp\/v2\/types\/post"}],"author":[{"embeddable":true,"href":"https:\/\/visionpeninsular.com\/mid\/wp-json\/wp\/v2\/users\/5"}],"replies":[{"embeddable":true,"href":"https:\/\/visionpeninsular.com\/mid\/wp-json\/wp\/v2\/comments?post=102007"}],"version-history":[{"count":1,"href":"https:\/\/visionpeninsular.com\/mid\/wp-json\/wp\/v2\/posts\/102007\/revisions"}],"predecessor-version":[{"id":102017,"href":"https:\/\/visionpeninsular.com\/mid\/wp-json\/wp\/v2\/posts\/102007\/revisions\/102017"}],"wp:featuredmedia":[{"embeddable":true,"href":"https:\/\/visionpeninsular.com\/mid\/wp-json\/wp\/v2\/media\/102016"}],"wp:attachment":[{"href":"https:\/\/visionpeninsular.com\/mid\/wp-json\/wp\/v2\/media?parent=102007"}],"wp:term":[{"taxonomy":"category","embeddable":true,"href":"https:\/\/visionpeninsular.com\/mid\/wp-json\/wp\/v2\/categories?post=102007"},{"taxonomy":"post_tag","embeddable":true,"href":"https:\/\/visionpeninsular.com\/mid\/wp-json\/wp\/v2\/tags?post=102007"}],"curies":[{"name":"wp","href":"https:\/\/api.w.org\/{rel}","templated":true}]}}