{"id":10124,"date":"2016-08-18T01:11:06","date_gmt":"2016-08-18T06:11:06","guid":{"rendered":"http:\/\/visionpeninsular.com\/mid\/?p=10124"},"modified":"2016-08-18T09:55:31","modified_gmt":"2016-08-18T14:55:31","slug":"carceles-de-campeche-a-tope-en-capacidad","status":"publish","type":"post","link":"https:\/\/visionpeninsular.com\/mid\/carceles-de-campeche-a-tope-en-capacidad\/","title":{"rendered":"C\u00e1rceles de Campeche  a tope en capacidad"},"content":{"rendered":"<p>Tras un an\u00e1lisis sobre las c\u00e1rceles del Estado, las doctoras Artemia Fabre Zarandona y Elisa Cruz Rueda, se\u00f1alaron que el Centro de Readaptaci\u00f3n de Social (CERESO) de San Francisco Kob\u00e9n se encuentra en los l\u00edmites de su capacidad carcelaria, mientras que en el de El Carmen ya se considera un alto riesgo el CERESO debido a la sobrepoblaci\u00f3n que supera el 60.16%. <\/p>\n<p>Tras la investigaci\u00f3n de este tema, las especialistas coincidieron en se\u00f1alar que el sistema carcelario del Estado registra varias deficiencias que han ocasionado severas violaciones en materia de Derechos Humanos. <\/p>\n<p>Mientras que en la ejecuci\u00f3n de sentencias encontraron una serie de irregularidades que han puesto en evidencia el rezago en las sentencias emitidas y tener una poblaci\u00f3n en prisi\u00f3n preventiva superior al 50% sobre el total de la poblaci\u00f3n. <\/p>\n<p>Las especialistas se\u00f1alaron que este trabajo solo saca a la luz p\u00fablica el presunto rezago que se viv\u00ed en Campeche por sus &#8220;cero&#8221; pol\u00edtica p\u00fablica. <\/p>\n<p>Asimismo, indicaron que hay discrepancias encontradas entre los informes de la Comisi\u00f3n Nacional de Derechos Humanos (CNDH), entre \u00e9stos el Diagn\u00f3stico Nacional de Supervisi\u00f3n Penitenciaria (DNSP) y el de Sobrepoblaci\u00f3n en los Centros Penitenciarios de la Rep\u00fablica Mexicana (CRPS) para el Estado de Campeche.<\/p>\n<p>A modo de conclusi\u00f3n, las investigadoras indicaron que Campeche se encuentra en el cuarto lugar con mayor poblaci\u00f3n ind\u00edgena de todo el pa\u00eds, y como tal la condici\u00f3n y situaci\u00f3n de estas personas ponen a prueba el sistema de justicia penal en todas sus etapas y por tanto la seguridad jur\u00eddica.<\/p>\n<div class='share-to-whatsapp-wrapper'><div class='share-on-whsp'>Share on: <\/div><a data-text='C\u00e1rceles de Campeche  a tope en capacidad' data-link='https:\/\/visionpeninsular.com\/mid\/carceles-de-campeche-a-tope-en-capacidad\/' class='whatsapp-button whatsapp-share'>WhatsApp<\/a><div class='clear '><\/div><\/div>","protected":false},"excerpt":{"rendered":"<p>Tras un an\u00e1lisis sobre las c\u00e1rceles del Estado, las doctoras Artemia Fabre Zarandona y Elisa Cruz Rueda, se\u00f1alaron que el Centro de Readaptaci\u00f3n de Social (CERESO) de San Francisco Kob\u00e9n se encuentra en los l\u00edmites de su capacidad carcelaria, mientras que en el de El Carmen ya se considera un alto riesgo el CERESO debido &hellip;<\/p>\n","protected":false},"author":1,"featured_media":10126,"comment_status":"open","ping_status":"open","sticky":false,"template":"","format":"standard","meta":{"_mi_skip_tracking":false},"categories":[46],"tags":[2174],"_links":{"self":[{"href":"https:\/\/visionpeninsular.com\/mid\/wp-json\/wp\/v2\/posts\/10124"}],"collection":[{"href":"https:\/\/visionpeninsular.com\/mid\/wp-json\/wp\/v2\/posts"}],"about":[{"href":"https:\/\/visionpeninsular.com\/mid\/wp-json\/wp\/v2\/types\/post"}],"author":[{"embeddable":true,"href":"https:\/\/visionpeninsular.com\/mid\/wp-json\/wp\/v2\/users\/1"}],"replies":[{"embeddable":true,"href":"https:\/\/visionpeninsular.com\/mid\/wp-json\/wp\/v2\/comments?post=10124"}],"version-history":[{"count":3,"href":"https:\/\/visionpeninsular.com\/mid\/wp-json\/wp\/v2\/posts\/10124\/revisions"}],"predecessor-version":[{"id":10193,"href":"https:\/\/visionpeninsular.com\/mid\/wp-json\/wp\/v2\/posts\/10124\/revisions\/10193"}],"wp:featuredmedia":[{"embeddable":true,"href":"https:\/\/visionpeninsular.com\/mid\/wp-json\/wp\/v2\/media\/10126"}],"wp:attachment":[{"href":"https:\/\/visionpeninsular.com\/mid\/wp-json\/wp\/v2\/media?parent=10124"}],"wp:term":[{"taxonomy":"category","embeddable":true,"href":"https:\/\/visionpeninsular.com\/mid\/wp-json\/wp\/v2\/categories?post=10124"},{"taxonomy":"post_tag","embeddable":true,"href":"https:\/\/visionpeninsular.com\/mid\/wp-json\/wp\/v2\/tags?post=10124"}],"curies":[{"name":"wp","href":"https:\/\/api.w.org\/{rel}","templated":true}]}}