{"id":100408,"date":"2019-09-20T10:30:22","date_gmt":"2019-09-20T15:30:22","guid":{"rendered":"http:\/\/visionpeninsular.com\/mid\/?p=100408"},"modified":"2019-09-20T10:30:44","modified_gmt":"2019-09-20T15:30:44","slug":"el-alcalde-de-merida-renan-barrera-recibe-al-presidente-electo-de-guatemala-alejandro-giammattei","status":"publish","type":"post","link":"https:\/\/visionpeninsular.com\/mid\/el-alcalde-de-merida-renan-barrera-recibe-al-presidente-electo-de-guatemala-alejandro-giammattei\/","title":{"rendered":"El alcalde de M\u00e9rida Ren\u00e1n Barrera recibe al presidente electo de Guatemala, Alejandro Giammattei"},"content":{"rendered":"\n<p><em>Estrechan relaciones\npara trabajar en agenda conjunta con la ciudad de M\u00e9rida<\/em><\/p>\n\n\n\n<p>El alcalde Ren\u00e1n Barrera recibi\u00f3 esta tarde al presidente\nelecto de Guatemala, Alejandro Giammattei con quien intercambi\u00f3 la visi\u00f3n que\nmantiene esta administraci\u00f3n municipal para seguir procurando el avance sostenido\nde M\u00e9rida como ciudad pac\u00edfica, tranquila y con valores s\u00f3lidos en sus\nciudadanos.<\/p>\n\n\n\n<p>En un encuentro que se llev\u00f3 a cabo en la sala de juntas de\nPresidencia en Palacio Municipal, el visitante reconoci\u00f3 al edil meridano por\nel trabajo realizado en favor de la seguridad, la calidad de vida y la cohesi\u00f3n\nsocial, los cuales dijo, son pilares que sostienen el desarrollo integral de un\nmunicipio y sus habitantes.<\/p>\n\n\n\n<p>Ambas autoridades coincidieron en se\u00f1alar que es fundamental\nque los gobiernos sean aliados, gu\u00edas y motivadores de la ciudadan\u00eda, pues en\nesa medida se logran esfuerzos coordinados y sobre todo compromisos compartidos\npara llevar a mejor futuro a la poblaci\u00f3n.<\/p>\n\n\n\n<p>Durante la charla, acordaron estrechar relaciones de trabajo\nen distintas \u00e1reas con la finalidad de planear una agenda conjunta que permita\nsumar esfuerzos, pero tambi\u00e9n intercambiar ideales y experiencias exitosas en\ntorno a temas como la calidad de vida, programas de prevenci\u00f3n y seguridad, as\u00ed\ncomo el desarrollo urbano de la ciudad.<\/p>\n\n\n\n<p>Barrera Concha remarc\u00f3 el inter\u00e9s de su administraci\u00f3n de\nseguir fortaleciendo v\u00ednculos con gobiernos de otros pa\u00edses con la intenci\u00f3n de\ncompartir las riquezas de M\u00e9rida y al mismo tiempo, enriquecer las pol\u00edticas\np\u00fablicas para beneficio de la poblaci\u00f3n.<\/p>\n\n\n\n<p>Giammattei Falla es el actual presidente electo de la\nRep\u00fablica de Guatemala, luego de haber participado en las elecciones\npresidenciales de ese pa\u00eds en los a\u00f1os 2007, 2011, 2015 y 2019. Asumir\u00e1\nconstitucionalmente su cargo el 14 de enero de 2020.<\/p>\n\n\n\n<p>Antes de finalizar el encuentro, el alcalde y el presidente\nelecto de Guatemala intercambiaron obsequios. Ren\u00e1n Barrera entreg\u00f3 al doctor\nGiammattei&nbsp; una r\u00e9plica de la cruz del\natrio de la catedral de M\u00e9rida y un recetario de cocina tradicional yucateca y\na su vez recibi\u00f3 un ejemplar del Plan Nacional de Innovaci\u00f3n y Desarrollo\nque&nbsp; el nuevo gobierno&nbsp; contempla para Guatemala as\u00ed como una r\u00e9plica\ndel libro \u201cRelato de una Injusticia: Caso Giammattei\u201d escrito por el nuevo\nmandatario.<\/p>\n\n\n\n<p>En la reuni\u00f3n estuvieron presentes de la comitiva invitada:\nPedro Brolo Vila, Canciller; Giorgio Bruni Batres, secretario de Presidencia\nEjecutiva; Miguel Mart\u00ednez, secretario personal; Julio Orozco y Willy Mart\u00ednez,\nagentes de Publicidad; as\u00ed como Carlos Sandoval, secretario de Comunicaci\u00f3n y\nSergio Jos\u00e9 Guti\u00e9rrez, asesor.<\/p>\n\n\n\n<p>Del Ayuntamiento de M\u00e9rida tambi\u00e9n estuvieron Mario Mart\u00ednez\nLaviada, Oficial Mayor; el Secretario Municipal, Alejandro Ruz Castro; as\u00ed como\nEduardo Seijo Solis, Eugenia Correa Arce e Irving Berlin Villafa\u00f1a, directores\nde Desarrollo Econ\u00f3mico y Turismo, de Desarrollo Sustentable y de Cultura,\nrespectivamente.<\/p>\n<div class='share-to-whatsapp-wrapper'><div class='share-on-whsp'>Share on: <\/div><a data-text='El alcalde de M\u00e9rida Ren\u00e1n Barrera recibe al presidente electo de Guatemala, Alejandro Giammattei' data-link='https:\/\/visionpeninsular.com\/mid\/el-alcalde-de-merida-renan-barrera-recibe-al-presidente-electo-de-guatemala-alejandro-giammattei\/' class='whatsapp-button whatsapp-share'>WhatsApp<\/a><div class='clear '><\/div><\/div>","protected":false},"excerpt":{"rendered":"<p>Estrechan relaciones para trabajar en agenda conjunta con la ciudad de M\u00e9rida El alcalde Ren\u00e1n Barrera recibi\u00f3 esta tarde al presidente electo de Guatemala, Alejandro Giammattei con quien intercambi\u00f3 la visi\u00f3n que mantiene esta administraci\u00f3n municipal para seguir procurando el avance sostenido de M\u00e9rida como ciudad pac\u00edfica, tranquila y con valores s\u00f3lidos en sus ciudadanos. &hellip;<\/p>\n","protected":false},"author":5,"featured_media":100413,"comment_status":"open","ping_status":"open","sticky":false,"template":"","format":"standard","meta":{"_mi_skip_tracking":false},"categories":[50,37],"tags":[1282,17564,5338],"_links":{"self":[{"href":"https:\/\/visionpeninsular.com\/mid\/wp-json\/wp\/v2\/posts\/100408"}],"collection":[{"href":"https:\/\/visionpeninsular.com\/mid\/wp-json\/wp\/v2\/posts"}],"about":[{"href":"https:\/\/visionpeninsular.com\/mid\/wp-json\/wp\/v2\/types\/post"}],"author":[{"embeddable":true,"href":"https:\/\/visionpeninsular.com\/mid\/wp-json\/wp\/v2\/users\/5"}],"replies":[{"embeddable":true,"href":"https:\/\/visionpeninsular.com\/mid\/wp-json\/wp\/v2\/comments?post=100408"}],"version-history":[{"count":1,"href":"https:\/\/visionpeninsular.com\/mid\/wp-json\/wp\/v2\/posts\/100408\/revisions"}],"predecessor-version":[{"id":100414,"href":"https:\/\/visionpeninsular.com\/mid\/wp-json\/wp\/v2\/posts\/100408\/revisions\/100414"}],"wp:featuredmedia":[{"embeddable":true,"href":"https:\/\/visionpeninsular.com\/mid\/wp-json\/wp\/v2\/media\/100413"}],"wp:attachment":[{"href":"https:\/\/visionpeninsular.com\/mid\/wp-json\/wp\/v2\/media?parent=100408"}],"wp:term":[{"taxonomy":"category","embeddable":true,"href":"https:\/\/visionpeninsular.com\/mid\/wp-json\/wp\/v2\/categories?post=100408"},{"taxonomy":"post_tag","embeddable":true,"href":"https:\/\/visionpeninsular.com\/mid\/wp-json\/wp\/v2\/tags?post=100408"}],"curies":[{"name":"wp","href":"https:\/\/api.w.org\/{rel}","templated":true}]}}