{"id":100165,"date":"2019-09-18T13:11:16","date_gmt":"2019-09-18T18:11:16","guid":{"rendered":"http:\/\/visionpeninsular.com\/mid\/?p=100165"},"modified":"2019-09-18T13:14:36","modified_gmt":"2019-09-18T18:14:36","slug":"recurso-renovable-mas-importante","status":"publish","type":"post","link":"https:\/\/visionpeninsular.com\/mid\/recurso-renovable-mas-importante\/","title":{"rendered":"Recurso renovable m\u00e1s importante"},"content":{"rendered":"\n<p>El agua<\/p>\n\n\n\n<p>Jorge Antonio Lechuga Andrade (*)<\/p>\n\n\n\n<p>Fuente: Diario de Yucat\u00e1n<\/p>\n\n\n\n<p>Esta informaci\u00f3n se remonta a la Conferencia de las Naciones\nUnidas sobre el Medio Ambiente y el Desarrollo de 1992, en la que se propuso\ndeclarar una fecha dedicada al recurso renovable m\u00e1s importante que existe. La\nAsamblea General decidi\u00f3 designar el 22 de marzo de 1993 como el primer D\u00eda\nMundial del Agua; que hasta ahora se sigue conmemorando, pero, qu\u00e9 mejor manera\nde darle la importancia al agua, que cuidarla con esmero y verdad. \u00bfLo estamos\nhaciendo?.<\/p>\n\n\n\n<p>Agua<\/p>\n\n\n\n<p>El agua es el recurso renovable m\u00e1s importante que existe\ndebido a que cubre muchas de nuestras necesidades, desde las b\u00e1sicas y\nnecesarias hasta las m\u00e1s complejas en procesos de industria; pero la pregunta\nes: \u00bfHasta cu\u00e1ndo es renovable?<\/p>\n\n\n\n<p>Las personas utilizamos este recurso como si fuera\ninterminable, debido a ello, cada vez estamos teniendo mayor cantidad de da\u00f1o\nen el planeta. Deterioramos el agua como si fuese eterna. El agua no es eterna,\nla contaminamos con millones de productos agr\u00edcolas, industriales, dom\u00e9sticos,\ny todo lo que nos podamos imaginar.<\/p>\n\n\n\n<p>Contaminaci\u00f3n<\/p>\n\n\n\n<p>La principal importancia es que el agua que tomamos tambi\u00e9n\nest\u00e1 contaminada debido a que, en el proceso de filtraci\u00f3n y tratamiento, en\nlos lugares que se aplican se le agregan qu\u00edmicos para \u201cquitar\u201d lo contaminado\nque contiene desde las fuentes de donde se obtiene.<\/p>\n\n\n\n<p>El hecho es que esto repercute inevitablemente en nuestra\nsalud, porque es el principal recurso que necesitamos para vivir. Se necesita\nconciencia para poder administrarla de manera adecuada y as\u00ed tener un uso\nefectivo y eficiente de ella en las generaciones futuras. Pero, \u00bfa quienes les\ncorresponde orientar e informar a las nuevas generaciones? Desde luego a todos\nlos habitantes actuales, con conciencia ambiental y enfatizar el da\u00f1o que le\nestamos causando, por diferentes motivos: contaminaci\u00f3n, malos manejos, consumo\nexcesivo per c\u00e1pita y otros.<\/p>\n\n\n\n<p>Un problema muy com\u00fan de contaminaci\u00f3n es la eutrofizaci\u00f3n,\nproceso natural y\/o antropog\u00e9nico que consiste en el enriquecimiento de las\naguas con nutrientes, a un ritmo tal que no puede ser compensado por la\nmineralizaci\u00f3n total, de manera que la descomposici\u00f3n del exceso de materia\norg\u00e1nica produce una disminuci\u00f3n del ox\u00edgeno en las aguas, originando el\ncrecimiento de las algas. El problema est\u00e1 en que si hay exceso de nutrientes\ncrecen en abundancia las plantas y otros organismos. M\u00e1s tarde, cuando mueren,\nse pudren y llenan las aguas de malos olores, d\u00e1ndoles un aspecto nauseabundo y\ndisminuyendo dr\u00e1sticamente su calidad. El proceso de putrefacci\u00f3n consume una\ngran cantidad del ox\u00edgeno disuelto y las aguas dejan de ser aptas para la mayor\nparte de los seres vivos. Los vertidos humanos aceleran el proceso de\neutrofizaci\u00f3n hasta convertirlo, muchas veces, en un grave problema de\ncontaminaci\u00f3n.<\/p>\n\n\n\n<p>\u201cAbusamos de la tierra porque la tratamos como si fuese\nnuestra. Cuando la veamos como una oportunidad a la que pertenecemos, puede que\nla tratemos con amor y respeto\u201d, Aldo Leopold.\u2014 M\u00e9rida, Yucat\u00e1n<\/p>\n\n\n\n<p>jorge.lechuga@correo.uady.mx<\/p>\n\n\n\n<p>Doctor, ingeniero qu\u00edmico, profesor e investigador de la\nUady<\/p>\n<div class='share-to-whatsapp-wrapper'><div class='share-on-whsp'>Share on: <\/div><a data-text='Recurso renovable m\u00e1s importante' data-link='https:\/\/visionpeninsular.com\/mid\/recurso-renovable-mas-importante\/' class='whatsapp-button whatsapp-share'>WhatsApp<\/a><div class='clear '><\/div><\/div>","protected":false},"excerpt":{"rendered":"<p>El agua Jorge Antonio Lechuga Andrade (*) Fuente: Diario de Yucat\u00e1n Esta informaci\u00f3n se remonta a la Conferencia de las Naciones Unidas sobre el Medio Ambiente y el Desarrollo de 1992, en la que se propuso declarar una fecha dedicada al recurso renovable m\u00e1s importante que existe. La Asamblea General decidi\u00f3 designar el 22 de &hellip;<\/p>\n","protected":false},"author":5,"featured_media":100180,"comment_status":"open","ping_status":"open","sticky":false,"template":"","format":"standard","meta":{"_mi_skip_tracking":false},"categories":[44],"tags":[431,17537],"_links":{"self":[{"href":"https:\/\/visionpeninsular.com\/mid\/wp-json\/wp\/v2\/posts\/100165"}],"collection":[{"href":"https:\/\/visionpeninsular.com\/mid\/wp-json\/wp\/v2\/posts"}],"about":[{"href":"https:\/\/visionpeninsular.com\/mid\/wp-json\/wp\/v2\/types\/post"}],"author":[{"embeddable":true,"href":"https:\/\/visionpeninsular.com\/mid\/wp-json\/wp\/v2\/users\/5"}],"replies":[{"embeddable":true,"href":"https:\/\/visionpeninsular.com\/mid\/wp-json\/wp\/v2\/comments?post=100165"}],"version-history":[{"count":1,"href":"https:\/\/visionpeninsular.com\/mid\/wp-json\/wp\/v2\/posts\/100165\/revisions"}],"predecessor-version":[{"id":100174,"href":"https:\/\/visionpeninsular.com\/mid\/wp-json\/wp\/v2\/posts\/100165\/revisions\/100174"}],"wp:featuredmedia":[{"embeddable":true,"href":"https:\/\/visionpeninsular.com\/mid\/wp-json\/wp\/v2\/media\/100180"}],"wp:attachment":[{"href":"https:\/\/visionpeninsular.com\/mid\/wp-json\/wp\/v2\/media?parent=100165"}],"wp:term":[{"taxonomy":"category","embeddable":true,"href":"https:\/\/visionpeninsular.com\/mid\/wp-json\/wp\/v2\/categories?post=100165"},{"taxonomy":"post_tag","embeddable":true,"href":"https:\/\/visionpeninsular.com\/mid\/wp-json\/wp\/v2\/tags?post=100165"}],"curies":[{"name":"wp","href":"https:\/\/api.w.org\/{rel}","templated":true}]}}